{"id":754,"date":"2024-06-24T23:07:54","date_gmt":"2024-06-25T02:07:54","guid":{"rendered":"https:\/\/informativodaweb.com\/?p=754"},"modified":"2024-06-24T23:07:55","modified_gmt":"2024-06-25T02:07:55","slug":"historia-da-dupla-chrystian-ralf","status":"publish","type":"post","link":"https:\/\/informativodaweb.com\/index.php\/2024\/06\/24\/historia-da-dupla-chrystian-ralf\/","title":{"rendered":"Hist\u00f3ria da dupla Chrystian &#038; Ralf"},"content":{"rendered":"\n<p><a href=\"https:\/\/jornaldasestrelas.online\/index.php\/2024\/06\/24\/ralf-conta-que-esperava-ser-procurado-por-chrystian-e-queria-a-volta-da-dupla\/\"><time datetime=\"\"><\/time><\/a><a href=\"https:\/\/jornaldasestrelas.online\/index.php\/author\/aquinoticias\/\"><\/a><\/p>\n\n\n\n<h2 class=\"wp-block-heading\"><\/h2>\n\n\n\n<p>A dupla sertaneja Chrystian &amp; Ralf tem uma trajet\u00f3ria rica e significativa na m\u00fasica brasileira. Chrystian, nascido Jos\u00e9 Pereira da Silva Neto, e Ralf, cujo nome de batismo \u00e9 Ralf Richardson da Silva, se conheceram ainda na inf\u00e2ncia. Ambos cresceram em Goi\u00e1s e desde cedo demonstraram talento musical. A parceria musical come\u00e7ou de forma amadora, mas logo chamou a aten\u00e7\u00e3o pelo talento e pela voz potente de ambos.<\/p>\n\n\n\n<p>O in\u00edcio da carreira de Chrystian &amp; Ralf foi marcado por apresenta\u00e7\u00f5es em festas e pequenos eventos na regi\u00e3o onde moravam. Em 1983, lan\u00e7aram o primeiro \u00e1lbum, \u201cDespertar do Sert\u00e3o\u201d, que j\u00e1 mostrava o potencial da dupla. No entanto, foi com o \u00e1lbum \u201cPalavras ao Vento\u201d, de 1986, que alcan\u00e7aram o sucesso nacional. M\u00fasicas como \u201cChora Peito\u201d e \u201cNova York\u201d rapidamente ganharam as paradas de sucesso e consolidaram Chrystian &amp; Ralf como uma das duplas mais importantes do sertanejo.<\/p>\n\n\n\n<p>Ao longo dos anos, Chrystian &amp; Ralf lan\u00e7aram diversos \u00e1lbuns que se tornaram ic\u00f4nicos na m\u00fasica sertaneja. \u201cSou Eu\u201d, \u201cCheiro de Shampoo\u201d e \u201cVendaval\u201d s\u00e3o apenas alguns dos sucessos que marcaram a carreira da dupla. A qualidade vocal e a harmonia impec\u00e1vel s\u00e3o caracter\u00edsticas que diferenciam Chrystian &amp; Ralf e conquistam admiradores at\u00e9 hoje. Al\u00e9m de suas pr\u00f3prias can\u00e7\u00f5es, eles tamb\u00e9m s\u00e3o conhecidos por regravar cl\u00e1ssicos do sertanejo, sempre com um toque \u00fanico e especial.<\/p>\n\n\n\n<p>Momentos memor\u00e1veis n\u00e3o faltam na trajet\u00f3ria de Chrystian &amp; Ralf. Entre eles, destaca-se a participa\u00e7\u00e3o no festival de m\u00fasica \u201cFestival Shell\u201d em 1987, onde se apresentaram para um p\u00fablico de milhares de pessoas e ganharam ainda mais notoriedade. A dupla tamb\u00e9m \u00e9 conhecida por suas apresenta\u00e7\u00f5es ao vivo, que sempre emocionam a plateia pela qualidade t\u00e9cnica e pela entrega emocional.<\/p>\n\n\n\n<p>Em s\u00edntese, a hist\u00f3ria de Chrystian &amp; Ralf \u00e9 marcada por sucessos, desafios e uma contribui\u00e7\u00e3o inigual\u00e1vel para a m\u00fasica sertaneja brasileira. A dupla n\u00e3o s\u00f3 conquistou f\u00e3s de diversas gera\u00e7\u00f5es, mas tamb\u00e9m influenciou muitos artistas que vieram depois. A combina\u00e7\u00e3o de talento, dedica\u00e7\u00e3o e amor pela m\u00fasica sertaneja \u00e9 o que faz de Chrystian &amp; Ralf uma dupla inesquec\u00edvel.<\/p>\n\n\n\n<h2 class=\"wp-block-heading\">O afastamento e as raz\u00f5es por tr\u00e1s da separa\u00e7\u00e3o<\/h2>\n\n\n\n<p>A separa\u00e7\u00e3o de Chrystian &amp; Ralf, uma das duplas sertanejas mais ic\u00f4nicas do Brasil, deixou muitos f\u00e3s perplexos e em busca de respostas. Diversos fatores, tanto pessoais quanto profissionais, parecem ter contribu\u00eddo para o afastamento. Atrav\u00e9s de entrevistas e eventos espec\u00edficos, podemos obter uma vis\u00e3o mais clara do que levou ao fim dessa parceria musical.<\/p>\n\n\n\n<p>Em entrevistas recentes, Ralf mencionou que esperava ser procurado por Chrystian, indicando que havia uma expectativa ou esperan\u00e7a de reconcilia\u00e7\u00e3o. No entanto, a comunica\u00e7\u00e3o entre os dois parece ter se deteriorado ao longo do tempo, o que pode ter sido um dos catalisadores para a separa\u00e7\u00e3o. Situa\u00e7\u00f5es como essa s\u00e3o comuns em parcerias de longa data, onde diferen\u00e7as pessoais podem se intensificar e criar barreiras significativas.<\/p>\n\n\n\n<p>Al\u00e9m das quest\u00f5es pessoais, raz\u00f5es profissionais tamb\u00e9m desempenharam um papel crucial. Chrystian &amp; Ralf sempre foram conhecidos por suas harmonias \u00fanicas e estilo musical distinto. No entanto, mudan\u00e7as na ind\u00fastria da m\u00fasica e nas prefer\u00eancias do p\u00fablico podem ter levado a diverg\u00eancias sobre a dire\u00e7\u00e3o art\u00edstica que a dupla deveria seguir. Ralf, em particular, tem uma forte vis\u00e3o sobre a preserva\u00e7\u00e3o das ra\u00edzes do sertanejo, enquanto Chrystian pode ter mostrado interesse em explorar novas sonoridades.<\/p>\n\n\n\n<p>Eventos espec\u00edficos tamb\u00e9m contribu\u00edram para o afastamento. Por exemplo, o lan\u00e7amento de trabalhos solo por parte de ambos os artistas foi um indicativo claro de que estavam buscando caminhos separados. Essas iniciativas individuais podem ter sido motivadas por uma necessidade de express\u00e3o pessoal que n\u00e3o era completamente poss\u00edvel dentro da estrutura da dupla.<\/p>\n\n\n\n<p>Compreender as raz\u00f5es por tr\u00e1s da separa\u00e7\u00e3o de Chrystian &amp; Ralf envolve uma an\u00e1lise detalhada de m\u00faltiplos fatores. As diferen\u00e7as pessoais, diverg\u00eancias profissionais e eventos espec\u00edficos desempenharam pap\u00e9is fundamentais no afastamento, proporcionando um entendimento mais profundo da complexa din\u00e2mica entre os dois artistas.<\/p>\n","protected":false},"excerpt":{"rendered":"<p>A dupla sertaneja Chrystian &amp; Ralf tem uma trajet\u00f3ria rica e significativa na m\u00fasica brasileira. Chrystian, nascido Jos\u00e9 Pereira da<\/p>\n","protected":false},"author":1,"featured_media":755,"comment_status":"closed","ping_status":"closed","sticky":true,"template":"","format":"standard","meta":{"colormag_page_container_layout":"default_layout","colormag_page_sidebar_layout":"default_layout","footnotes":""},"categories":[48],"tags":[52,49,51],"class_list":["post-754","post","type-post","status-publish","format-standard","has-post-thumbnail","hentry","category-informativo-da-web","tag-fama","tag-informativo","tag-noticias-2"],"aioseo_notices":[],"_links":{"self":[{"href":"https:\/\/informativodaweb.com\/index.php\/wp-json\/wp\/v2\/posts\/754","targetHints":{"allow":["GET"]}}],"collection":[{"href":"https:\/\/informativodaweb.com\/index.php\/wp-json\/wp\/v2\/posts"}],"about":[{"href":"https:\/\/informativodaweb.com\/index.php\/wp-json\/wp\/v2\/types\/post"}],"author":[{"embeddable":true,"href":"https:\/\/informativodaweb.com\/index.php\/wp-json\/wp\/v2\/users\/1"}],"replies":[{"embeddable":true,"href":"https:\/\/informativodaweb.com\/index.php\/wp-json\/wp\/v2\/comments?post=754"}],"version-history":[{"count":1,"href":"https:\/\/informativodaweb.com\/index.php\/wp-json\/wp\/v2\/posts\/754\/revisions"}],"predecessor-version":[{"id":756,"href":"https:\/\/informativodaweb.com\/index.php\/wp-json\/wp\/v2\/posts\/754\/revisions\/756"}],"wp:featuredmedia":[{"embeddable":true,"href":"https:\/\/informativodaweb.com\/index.php\/wp-json\/wp\/v2\/media\/755"}],"wp:attachment":[{"href":"https:\/\/informativodaweb.com\/index.php\/wp-json\/wp\/v2\/media?parent=754"}],"wp:term":[{"taxonomy":"category","embeddable":true,"href":"https:\/\/informativodaweb.com\/index.php\/wp-json\/wp\/v2\/categories?post=754"},{"taxonomy":"post_tag","embeddable":true,"href":"https:\/\/informativodaweb.com\/index.php\/wp-json\/wp\/v2\/tags?post=754"}],"curies":[{"name":"wp","href":"https:\/\/api.w.org\/{rel}","templated":true}]}}