{"id":606,"date":"2024-01-09T18:23:54","date_gmt":"2024-01-09T21:23:54","guid":{"rendered":"https:\/\/informativodaweb.com\/?p=606"},"modified":"2024-01-09T18:23:55","modified_gmt":"2024-01-09T21:23:55","slug":"fernanda-torres-volta-atras-em-frase-que-virou-meme","status":"publish","type":"post","link":"https:\/\/informativodaweb.com\/index.php\/2024\/01\/09\/fernanda-torres-volta-atras-em-frase-que-virou-meme\/","title":{"rendered":"Fernanda Torres volta atr\u00e1s em frase que virou meme"},"content":{"rendered":"\n<h2 class=\"wp-block-heading\">A atriz comentou sobre sua famosa frase sobre &#8216;crentes&#8217;<\/h2>\n\n\n\n<p>Ap\u00f3s 25 anos sem ir ao Roda Viva (TV Cultura), Fernanda Torres participou do programa de entrevista apresentado por Vera Magalh\u00e3es na \u00faltima segunda-feira (8).<\/p>\n\n\n\n<p>&#8220;Aquilo que eu falei que n\u00e3o gostava de crente, jamais repetiria isso hoje&#8221;, afirmou Fernanda. Ela se referia \u00e0 frase dita por ela em 1992 tamb\u00e9m no Roda Viva.<\/p>\n\n\n\n<p>Na ocasi\u00e3o, Serginho Groisman perguntou se ela tinha algum preconceito, ao que a atriz respondeu: &#8220;contra crente&#8221;.<\/p>\n\n\n\n<p>&#8220;Os evang\u00e9licos ocuparam o lugar onde o Estado faltou. Eu acho triste que demonizem as religi\u00f5es de origem africana. Lutaria por um culto evang\u00e9lico que fosse sincretista. Amaria isso&#8221;, falou a atriz, em tom de autocr\u00edtica.<\/p>\n\n\n\n<p>&#8220;A figura do intelectual libert\u00e1rio, hoje em dia, virou um privil\u00e9gio de alienado. N\u00e3o \u00e9 que o mundo ficou mais careta, o mundo ficou mais violento, mais argent\u00e1rio, menos ut\u00f3pico. Quem t\u00e1 meio perdido hoje \u00e9 o intelectual branco libert\u00e1rio. S\u00e3o pessoas como eu&#8221;, prosseguiu Fernanda.<\/p>\n\n\n\n<p>Na mesma toada, elogiou o programa de entrevistas de Mano Brown. &#8220;Aquilo \u00e9 uma aula para mim, eu ou\u00e7o com prop\u00f3sito educativo&#8221;.<\/p>\n\n\n\n<p><strong>&#8216;TAPAS E BEIJOS \u00c9 OBRA-PRIMA&#8217;<\/strong><\/p>\n\n\n\n<p>Na entrevista, a atriz ainda falou sobre a for\u00e7a do mainstream da Globo e o poder do alcance de massa que a emissora proporciona. Ela acaba de lan\u00e7ar pelo Globoplay a adapta\u00e7\u00e3o hom\u00f4nima de seu romance, &#8220;Fim&#8221;.<\/p>\n\n\n\n<p>&#8220;Esse impacto de quando voc\u00ea atinge o p\u00fablico \u00e9 impressionante&#8221;, disse Fernanda. &#8220;Outro dia fiquei assistindo &#8216;Tapas e Beijos&#8217; e achei aquilo uma obra-prima, aquelas duas mulheres com aqueles problemas delas, aqueles homens ruins&#8221;, lembrou.<\/p>\n","protected":false},"excerpt":{"rendered":"<p>A atriz comentou sobre sua famosa frase sobre &#8216;crentes&#8217; Ap\u00f3s 25 anos sem ir ao Roda Viva (TV Cultura), Fernanda<\/p>\n","protected":false},"author":1,"featured_media":607,"comment_status":"closed","ping_status":"closed","sticky":true,"template":"","format":"status","meta":{"colormag_page_container_layout":"default_layout","colormag_page_sidebar_layout":"default_layout","footnotes":""},"categories":[58,48],"tags":[52,51,53],"class_list":["post-606","post","type-post","status-publish","format-status","has-post-thumbnail","hentry","category-fama","category-informativo-da-web","tag-fama","tag-noticias-2","tag-novidades","post_format-post-format-status"],"aioseo_notices":[],"_links":{"self":[{"href":"https:\/\/informativodaweb.com\/index.php\/wp-json\/wp\/v2\/posts\/606","targetHints":{"allow":["GET"]}}],"collection":[{"href":"https:\/\/informativodaweb.com\/index.php\/wp-json\/wp\/v2\/posts"}],"about":[{"href":"https:\/\/informativodaweb.com\/index.php\/wp-json\/wp\/v2\/types\/post"}],"author":[{"embeddable":true,"href":"https:\/\/informativodaweb.com\/index.php\/wp-json\/wp\/v2\/users\/1"}],"replies":[{"embeddable":true,"href":"https:\/\/informativodaweb.com\/index.php\/wp-json\/wp\/v2\/comments?post=606"}],"version-history":[{"count":1,"href":"https:\/\/informativodaweb.com\/index.php\/wp-json\/wp\/v2\/posts\/606\/revisions"}],"predecessor-version":[{"id":608,"href":"https:\/\/informativodaweb.com\/index.php\/wp-json\/wp\/v2\/posts\/606\/revisions\/608"}],"wp:featuredmedia":[{"embeddable":true,"href":"https:\/\/informativodaweb.com\/index.php\/wp-json\/wp\/v2\/media\/607"}],"wp:attachment":[{"href":"https:\/\/informativodaweb.com\/index.php\/wp-json\/wp\/v2\/media?parent=606"}],"wp:term":[{"taxonomy":"category","embeddable":true,"href":"https:\/\/informativodaweb.com\/index.php\/wp-json\/wp\/v2\/categories?post=606"},{"taxonomy":"post_tag","embeddable":true,"href":"https:\/\/informativodaweb.com\/index.php\/wp-json\/wp\/v2\/tags?post=606"}],"curies":[{"name":"wp","href":"https:\/\/api.w.org\/{rel}","templated":true}]}}