{"id":543,"date":"2023-10-14T18:49:39","date_gmt":"2023-10-14T21:49:39","guid":{"rendered":"https:\/\/informativodaweb.com\/?p=543"},"modified":"2023-10-14T18:49:40","modified_gmt":"2023-10-14T21:49:40","slug":"o-eclipse-deste-sabado-sera-um-eclipse-anular-e-podera-ser-visto-de-forma-completa-em-diversas-cidades-no-norte-e-nordeste-do-brasil","status":"publish","type":"post","link":"https:\/\/informativodaweb.com\/index.php\/2023\/10\/14\/o-eclipse-deste-sabado-sera-um-eclipse-anular-e-podera-ser-visto-de-forma-completa-em-diversas-cidades-no-norte-e-nordeste-do-brasil\/","title":{"rendered":"O eclipse deste s\u00e1bado ser\u00e1 um eclipse anular e poder\u00e1 ser visto de forma completa em diversas cidades no norte e nordeste do Brasil."},"content":{"rendered":"\n<p>Nas outras regi\u00f5es do pa\u00eds ele ser\u00e1 um eclipse parcial.<\/p>\n\n\n\n<p>A possibilidade de ver um eclipse anular completo, ou seja, ver o arco de luz se formando, n\u00e3o acontecia no Brasil desde 1994, quando o fen\u00f4meno ficou vis\u00edvel por completo em locais na regi\u00e3o sul do pa\u00eds.<\/p>\n\n\n\n<p>Eclipses solares n\u00e3o s\u00e3o fen\u00f4menos raros, explica a astrof\u00edsica Eliade Lima: acontecem duas vezes por ano, mas eles n\u00e3o s\u00e3o vis\u00edveis em todas as partes do planeta.<\/p>\n\n\n\n<p>\u201cA visibilidade depende da posi\u00e7\u00e3o do espectador\u201d, diz ela. \u00c9 por isso que costuma demorar anos para que um eclipse seja totalmente vis\u00edvel no mesmo local novamente.<\/p>\n\n\n\n<p>O eclipse deste s\u00e1bado ficou conhecido como Grande Eclipse das Am\u00e9ricas de 2023.<\/p>\n\n\n\n<p>\u201cEsse eclipse \u00e9 muito importante pela quantidade pa\u00edses que v\u00e3o conseguir enxergar o fen\u00f4meno. Ele ter\u00e1 um p\u00fablico muito grande na Am\u00e9rica do Norte, na Am\u00e9rica Central e na Am\u00e9rica do Sul. E isso \u00e9 mais dif\u00edcil de acontecer\u201d, explica a astr\u00f4noma.<\/p>\n\n\n\n<p>Como o eclipse come\u00e7a e termina em hor\u00e1rios diferentes, \u00e9 poss\u00edvel tra\u00e7ar uma \u201ctrajet\u00f3ria\u201d dos locais onde ele come\u00e7a primeiro e para onde \u201cvai\u201d depois.<\/p>\n\n\n\n<p>\u201cA gente fala em trajet\u00f3ria de eclipse porque a Terra est\u00e1 girando e, \u00e0 medida que a Terra gira, n\u00f3s temos tamb\u00e9m o movimento da Lua em torno da Terra. E esse movimento da Lua \u00e9 que gera a sombra\u201d, explica Lima.<\/p>\n\n\n\n<p>\u201cEnt\u00e3o, a trajet\u00f3ria do eclipse \u00e9 exatamente por onde a Lua vai passando enquanto est\u00e1 na frente do Sol. E isso \u00e9 muito r\u00e1pido em fun\u00e7\u00e3o de a Terra tamb\u00e9m estar girando.\u201d<\/p>\n","protected":false},"excerpt":{"rendered":"<p>Nas outras regi\u00f5es do pa\u00eds ele ser\u00e1 um eclipse parcial. A possibilidade de ver um eclipse anular completo, ou seja,<\/p>\n","protected":false},"author":1,"featured_media":544,"comment_status":"closed","ping_status":"closed","sticky":true,"template":"","format":"status","meta":{"colormag_page_container_layout":"default_layout","colormag_page_sidebar_layout":"default_layout","footnotes":""},"categories":[47,46],"tags":[49,51,53],"class_list":["post-543","post","type-post","status-publish","format-status","has-post-thumbnail","hentry","category-informacao","category-noticias","tag-informativo","tag-noticias-2","tag-novidades","post_format-post-format-status"],"aioseo_notices":[],"_links":{"self":[{"href":"https:\/\/informativodaweb.com\/index.php\/wp-json\/wp\/v2\/posts\/543","targetHints":{"allow":["GET"]}}],"collection":[{"href":"https:\/\/informativodaweb.com\/index.php\/wp-json\/wp\/v2\/posts"}],"about":[{"href":"https:\/\/informativodaweb.com\/index.php\/wp-json\/wp\/v2\/types\/post"}],"author":[{"embeddable":true,"href":"https:\/\/informativodaweb.com\/index.php\/wp-json\/wp\/v2\/users\/1"}],"replies":[{"embeddable":true,"href":"https:\/\/informativodaweb.com\/index.php\/wp-json\/wp\/v2\/comments?post=543"}],"version-history":[{"count":1,"href":"https:\/\/informativodaweb.com\/index.php\/wp-json\/wp\/v2\/posts\/543\/revisions"}],"predecessor-version":[{"id":545,"href":"https:\/\/informativodaweb.com\/index.php\/wp-json\/wp\/v2\/posts\/543\/revisions\/545"}],"wp:featuredmedia":[{"embeddable":true,"href":"https:\/\/informativodaweb.com\/index.php\/wp-json\/wp\/v2\/media\/544"}],"wp:attachment":[{"href":"https:\/\/informativodaweb.com\/index.php\/wp-json\/wp\/v2\/media?parent=543"}],"wp:term":[{"taxonomy":"category","embeddable":true,"href":"https:\/\/informativodaweb.com\/index.php\/wp-json\/wp\/v2\/categories?post=543"},{"taxonomy":"post_tag","embeddable":true,"href":"https:\/\/informativodaweb.com\/index.php\/wp-json\/wp\/v2\/tags?post=543"}],"curies":[{"name":"wp","href":"https:\/\/api.w.org\/{rel}","templated":true}]}}